{"id":3187,"date":"2019-08-22T10:18:11","date_gmt":"2019-08-22T08:18:11","guid":{"rendered":"https:\/\/www.manzanasusadas.com\/blog\/?p=3187"},"modified":"2019-11-08T12:48:30","modified_gmt":"2019-11-08T11:48:30","slug":"nuevo-macbook-pro-nuevo-pantalla-nuevo-teclado","status":"publish","type":"post","link":"https:\/\/www.manzanasusadas.com\/blog\/rumores-apple\/nuevo-macbook-pro-nuevo-pantalla-nuevo-teclado\/","title":{"rendered":"Nuevo MacBook pro; Nueva Pantalla, Nuevo Teclado"},"content":{"rendered":"<p>&nbsp;<\/p>\n<blockquote><p>\u00a0\u00a0 \u201cReducci\u00f3n de marco, aumento de pantalla\u201d<\/p><\/blockquote>\n<p><strong>Apple<\/strong> ha iniciado un nuevo camino con el <strong>iPhone X<\/strong> en relaci\u00f3n a las pantallas, uno de los grandes esfuerzos de la gama iPhone X consist\u00eda en aumentar la pantalla sin amentar el tama\u00f1o, para ello la clave estaba en reducir el marco. Este logro Apple lo ha ido llevando como estrategia al resto de dispositivos. De momento hemos visto como el <strong>iPad Pro<\/strong> y el <strong>Apple Watch<\/strong> segu\u00edan la misma estrategia aumentado el tama\u00f1o de su pantalla a costa de reducir los marcos.<\/p>\n<p><strong>Ahora le toca el turno al MacBook Pro:<\/strong><\/p>\n<h2>MacBook Pro; pantalla 16&#8243;<\/h2>\n<p><img decoding=\"async\" loading=\"lazy\" class=\"alignleft wp-image-3195\" src=\"https:\/\/www.manzanasusadas.com\/blog\/wp-content\/uploads\/2019\/08\/images-1.jpg\" alt=\"MacBook Pro; pantalla 16&quot;\" width=\"258\" height=\"172\" \/><\/p>\n<p>Ya desde hace tiempo, escuch\u00e1bamos rumores sobre un nuevo modelo <strong>MacBook pro 16\u201d<\/strong>. Pues todo apunta que el formato consistir\u00e1 en aumentar el tama\u00f1o de la actual pantalla del MacBook pro de 15\u201d a 16\u201d siguiendo la estrategia creada para el iPhone X, por lo que los marcos del MacBook pro ser\u00e1n m\u00ednimos, lo que le dar\u00e1 un aspecto m\u00e1s elegante y sofisticado.<\/p>\n<p>Adem\u00e1s\u2026\u00a0 Se espera que el aumento de la pantalla vaya seguido de una resoluci\u00f3n de pantalla de 3072 x 1920 pixeles.<\/p>\n<p>&nbsp;<\/p>\n<h3>Nuevo Teclado de Tijera Vs Teclado de mariposa.<\/h3>\n<p>Otra de las grandes esperanzas depositadas en este ordenador es el teclado, el actual teclado de mariposa del MacBook\u00a0 introducido ya en el 2015, le ha dado a Apple bastantes dolores de cabeza.<\/p>\n<p><img decoding=\"async\" loading=\"lazy\" class=\"alignleft wp-image-3199\" src=\"https:\/\/www.manzanasusadas.com\/blog\/wp-content\/uploads\/2019\/08\/macbook-pro-698890_1280-300x169.jpg\" alt=\"Teclado MacBook Pro\" width=\"157\" height=\"88\" srcset=\"https:\/\/www.manzanasusadas.com\/blog\/wp-content\/uploads\/2019\/08\/macbook-pro-698890_1280-300x169.jpg 300w, https:\/\/www.manzanasusadas.com\/blog\/wp-content\/uploads\/2019\/08\/macbook-pro-698890_1280-768x433.jpg 768w, https:\/\/www.manzanasusadas.com\/blog\/wp-content\/uploads\/2019\/08\/macbook-pro-698890_1280-1024x577.jpg 1024w, https:\/\/www.manzanasusadas.com\/blog\/wp-content\/uploads\/2019\/08\/macbook-pro-698890_1280.jpg 1280w\" sizes=\"(max-width: 157px) 100vw, 157px\" \/><\/p>\n<p><strong>Teclado mariposa<\/strong>; Han sido muchas las cr\u00edticas sobre este teclado, criticas que poco a poco ha ido aceptando la compa\u00f1\u00eda de Cupertino, aunque siempre minimiz\u00e1ndolo, desde el ruido de las teclas, al problema m\u00e1s importante; \u00a0los usuarios se han quejado constantemente de que\u00a0<strong>las teclas dejan de funcionar cuando recogen mucho polvo<\/strong><strong>\u00a0<\/strong>bajo ellas.<\/p>\n<p><strong>Nuevo Teclado de tijera; <\/strong>\u00a0La compa\u00f1\u00eda introducir\u00e1\u00a0un teclado con un dise\u00f1o nuevo para su<strong> MacBook Pro de 16 pulgadas.<\/strong> Se rumorea que el nuevo teclado contar\u00e1 con un mecanismo de tijera con fibras de cristal, que reforzar\u00e1n las teclas, e impedir\u00e1 que se da\u00f1en o deterioren. Un gran punto a tener en cuenta en este nuevo rumor, es que fuentes especializadas apuntan a que ser\u00e1 mucho m\u00e1s barato de fabricar que el actual.<\/p>\n<p>&nbsp;<\/p>\n<h2><strong>En Mac Segunda Mano, MacBook Pro 16\u201d \u00a0abaratara los MacBook Pro segunda mano\u00a0<\/strong><\/h2>\n<p>Si hay algo que abarata los modelos <strong>Apple Segunda Mano<\/strong>, est\u00e1 claro que es la salida del modelo nuevo, en este caso estamos hablando que el nuevo macbook pro 16\u201d, ser\u00e1 \u00fanico en su categor\u00eda, al no haber otros dispositivos anteriores de 16\u201d, ademas le sumamos el teclado de tijera, por lo tanto, empezaremos hablar ya de dos mundo para el macBook pro, los anteriores al lanzamiento del Macbook pro de 16\u201d donde podr\u00e1s elegir entre los Mac nuevos, o los <strong>MacBook Pro Segunda Mano<\/strong> de las mismas caracter\u00edsticas, o de los nuevos MacBook pro 16&#8243; con un formato de pantalla nuevo, y un nuevo teclado, que todav\u00eda tardaran un poquito en llegar a <strong>Mac segunda mano a trav\u00e9s de tiendas como manzanasusadas.com<\/strong><\/p>\n<p>&nbsp;<\/p>\n<p>Esperamos que el articulo te haya sido de inter\u00e9s, \u00a0nuestro blog \u00a0trata de tenerte puntualmente informad@\u00a0 de una forma coloquial, huyendo de terminolog\u00eda o conceptos excesivamente t\u00e9cnicos.<\/p>\n<p>&nbsp;<\/p>\n<p>Puedes suscribirte a nuestro blog<\/p>\n<p><u><a href=\"https:\/\/www.manzanasusadas.com\/\">Puedes visitarnos en nuestra web<\/a><\/u><\/p>\n<p><strong>Manzanas Usadas<\/strong><\/p>\n","protected":false},"excerpt":{"rendered":"<p>Nuevo MacBook pro;<br \/>\n Nueva Pantalla, aumenta el tama\u00f1o de la actual pantalla del MacBook pro de 15\u201d a 16\u201d a base de reducir los marcos<br \/>\n Nuevo Teclado tijera, con fibras de cristal que reforzar\u00e1n las teclas, e impedir\u00e1 que se da\u00f1en o deterioren.<\/p>\n","protected":false},"author":5,"featured_media":3194,"comment_status":"open","ping_status":"open","sticky":false,"template":"","format":"standard","meta":[],"categories":[35,27],"tags":[346,47,92,42,334,386,44,172,427,433,428,429,86,163,432,430,431],"aioseo_notices":[],"_links":{"self":[{"href":"https:\/\/www.manzanasusadas.com\/blog\/wp-json\/wp\/v2\/posts\/3187"}],"collection":[{"href":"https:\/\/www.manzanasusadas.com\/blog\/wp-json\/wp\/v2\/posts"}],"about":[{"href":"https:\/\/www.manzanasusadas.com\/blog\/wp-json\/wp\/v2\/types\/post"}],"author":[{"embeddable":true,"href":"https:\/\/www.manzanasusadas.com\/blog\/wp-json\/wp\/v2\/users\/5"}],"replies":[{"embeddable":true,"href":"https:\/\/www.manzanasusadas.com\/blog\/wp-json\/wp\/v2\/comments?post=3187"}],"version-history":[{"count":27,"href":"https:\/\/www.manzanasusadas.com\/blog\/wp-json\/wp\/v2\/posts\/3187\/revisions"}],"predecessor-version":[{"id":3511,"href":"https:\/\/www.manzanasusadas.com\/blog\/wp-json\/wp\/v2\/posts\/3187\/revisions\/3511"}],"wp:featuredmedia":[{"embeddable":true,"href":"https:\/\/www.manzanasusadas.com\/blog\/wp-json\/wp\/v2\/media\/3194"}],"wp:attachment":[{"href":"https:\/\/www.manzanasusadas.com\/blog\/wp-json\/wp\/v2\/media?parent=3187"}],"wp:term":[{"taxonomy":"category","embeddable":true,"href":"https:\/\/www.manzanasusadas.com\/blog\/wp-json\/wp\/v2\/categories?post=3187"},{"taxonomy":"post_tag","embeddable":true,"href":"https:\/\/www.manzanasusadas.com\/blog\/wp-json\/wp\/v2\/tags?post=3187"}],"curies":[{"name":"wp","href":"https:\/\/api.w.org\/{rel}","templated":true}]}}