{"id":2634,"date":"2019-07-26T15:05:29","date_gmt":"2019-07-26T13:05:29","guid":{"rendered":"https:\/\/www.manzanasusadas.com\/blog\/?p=2634"},"modified":"2019-07-26T14:00:46","modified_gmt":"2019-07-26T12:00:46","slug":"guia-comprar-mac-vender-mac-segunda-mano","status":"publish","type":"post","link":"https:\/\/www.manzanasusadas.com\/blog\/manzanas-usadas\/guia-comprar-mac-vender-mac-segunda-mano\/","title":{"rendered":"Gu\u00eda para comprar Mac o vender Mac segunda mano"},"content":{"rendered":"<blockquote><p>INDICE:<\/p>\n<p>Introducci\u00f3n al mundo Apple segunda mano y usuarios Apple.<br \/>\nProblemas en Mac: Ciclos de carga y Mac anterior a 2009.<br \/>\nMotivos de\u00a0 cambio Mac: Disco solido SSD y memoria RAM.<br \/>\nPoner precio a Mac segunda mano<br \/>\nMomento mejor para comprar o vender Mac segunda mano<\/p>\n<p>&nbsp;<\/p><\/blockquote>\n<p>Empezaremos diciendo que lo principal a la hora de comprar un <strong>Mac segunda mano<\/strong> o nuevo es tener muy claro el uso actual o futuro que vayas a hacer a tu\u00a0 dispositivo <strong>Mac<\/strong>. Adem\u00e1s de eso conozcamos d\u00f3nde estamos.<\/p>\n<p>&nbsp;<\/p>\n<h2>INTRODUCCION Mac Segunda Mano.<\/h2>\n<p>Es b\u00e1sico conocer c\u00f3mo es el mundo <strong>Apple segunda mano<\/strong> y c\u00f3mo son los <strong>usuarios Apple<\/strong>.<\/p>\n<h3><strong>El mundo Apple Segunda Mano<\/strong>.<\/h3>\n<p><img decoding=\"async\" loading=\"lazy\" class=\"alignleft wp-image-2659 size-medium\" src=\"https:\/\/www.manzanasusadas.com\/blog\/wp-content\/uploads\/2019\/04\/earth-1345257_960_720-300x188.jpg\" alt=\"mundo apple segunda mano\" width=\"300\" height=\"188\" srcset=\"https:\/\/www.manzanasusadas.com\/blog\/wp-content\/uploads\/2019\/04\/earth-1345257_960_720-300x188.jpg 300w, https:\/\/www.manzanasusadas.com\/blog\/wp-content\/uploads\/2019\/04\/earth-1345257_960_720-768x480.jpg 768w, https:\/\/www.manzanasusadas.com\/blog\/wp-content\/uploads\/2019\/04\/earth-1345257_960_720.jpg 960w\" sizes=\"(max-width: 300px) 100vw, 300px\" \/><\/p>\n<p>El mundo<strong> Apple<\/strong> <strong>segunda mano<\/strong> nos permite muchas opciones, ya que al tratarse de equipos de una gran calidad tecnol\u00f3gica se pueden usar durante mucho tiempo y para muchas funciones distintas, es por ello que los usuarios de <strong>Mac<\/strong> van evolucionando de uno a otro equipo y de una a otra tecnolog\u00eda, esto y la posibilidad de revender el antiguo equipo para dar un nuevo salto tecnol\u00f3gico hace que haya muchos perfiles de usuarios de Mac que generan no solo una gran demanda sino tambi\u00e9n una gran oferta de equipo <strong>Apple segunda mano<\/strong>.<\/p>\n<p>&nbsp;<\/p>\n<p><strong>Usuario; revalorizaci\u00f3n de tu Mac segunda mano.<\/strong><\/p>\n<p><img decoding=\"async\" loading=\"lazy\" class=\"alignleft wp-image-2664 size-medium\" src=\"https:\/\/www.manzanasusadas.com\/blog\/wp-content\/uploads\/2019\/04\/apple-300x200.jpg\" alt=\"usuarios apple segunda mano\" width=\"300\" height=\"200\" srcset=\"https:\/\/www.manzanasusadas.com\/blog\/wp-content\/uploads\/2019\/04\/apple-300x200.jpg 300w, https:\/\/www.manzanasusadas.com\/blog\/wp-content\/uploads\/2019\/04\/apple-768x512.jpg 768w, https:\/\/www.manzanasusadas.com\/blog\/wp-content\/uploads\/2019\/04\/apple.jpg 900w\" sizes=\"(max-width: 300px) 100vw, 300px\" \/><\/p>\n<p>Si algo podemos tener en cuenta en un <strong>Mac<\/strong> es el gran valor de recompra que tienen los equipos como Mac segunda mano, por lo tanto tenemos que tener en cuenta no s\u00f3lo el precio original sino tambi\u00e9n el que podr\u00edamos sacar por \u00e9l cuando queramos volver a venderlo.<br \/>\nHoy en d\u00eda es mucha la variedad de dispositivos <strong>Mac segunda mano<\/strong> que puedes encontrar en plataformas como <a href=\"https:\/\/www.manzanasusadas.com\/\" target=\"_blank\" rel=\"noopener\"><strong>manzanasusadas.com<\/strong><\/a>.<br \/>\nAs\u00ed pues tenemos al usuario avanzado, que siempre va a querer lo ultimo y ser\u00eda un gran vendedor de los equipos que va dejando para financiar sus compras, tendremos al usuario que no puede o no necesita llegar a lo \u00faltimos modelos del mercado, pero quiere algo que vaya a un segundo paso, y ser\u00eda un gran comprador de \u00faltimas novedades e incluso vendedor de los anteriores equipos que estuviera usando, tenemos al que simplemente busca renovar su dispositivo y al reci\u00e9n llegado que va a probar el <strong>mundo Apple<\/strong>.<\/p>\n<p>&nbsp;<\/p>\n<h2>PROBLEMAS m\u00e1s frecuentes en Mac y MacBook segunda mano.<\/h2>\n<p>Cuando vamos a comprar un <strong>MacBook segunda mano<\/strong> siempre tenemos en cuenta qu\u00e9 problemas puede haber, por la experiencia que tenemos desde <a href=\"http:\/\/manzanasusadas.com\" target=\"_blank\" rel=\"noopener\"><strong>manzanasusadas.com<\/strong><\/a> despu\u00e9s de comprobar los da\u00f1os visibles como golpes o da\u00f1os est\u00e9ticos, son dos los motivos que generan m\u00e1s preguntas, los ciclos de carga y los problemas con los programas en los Mac anteriores al 2009.<\/p>\n<p><img decoding=\"async\" loading=\"lazy\" class=\"alignnone wp-image-2674 size-full\" src=\"https:\/\/www.manzanasusadas.com\/blog\/wp-content\/uploads\/2019\/04\/596dc9e91bf18.png\" alt=\"problemas apple segunda mano\" width=\"502\" height=\"206\" srcset=\"https:\/\/www.manzanasusadas.com\/blog\/wp-content\/uploads\/2019\/04\/596dc9e91bf18.png 502w, https:\/\/www.manzanasusadas.com\/blog\/wp-content\/uploads\/2019\/04\/596dc9e91bf18-300x123.png 300w\" sizes=\"(max-width: 502px) 100vw, 502px\" \/><\/p>\n<p><strong>Problema con los Ciclos de carga en MacBook segunda mano.<\/strong><\/p>\n<p>Es sin duda, lo m\u00e1s preguntado dentro de las ventas de <strong>Mac segunda mano<\/strong>, sobre todo cuando hablamos de equipos potentes como puede ser <strong>MacBookPro<\/strong>. Aunque es un buen indicador del estado del dispositivo esto tiene tambi\u00e9n sus limitaciones.<br \/>\n<strong>El ciclo de carga<\/strong> no solo es utilizado en los modelos MacBook de Apple sino en el resto de port\u00e1tiles de otras marcas, aunque en los modelos Mac de Apple guarda una mayor importancia ya que su bater\u00eda es interna y no extra\u00edble, y eso significa que una vez que complete su vida \u00fatil tendr\u00e1s que llevar el ordenador a <strong>Apple<\/strong> para que la sustituyan. Por eso la importancia del indicador de los <strong>ciclos de bater\u00eda del MacBook<\/strong>.<br \/>\nEntendemos como ciclo de carga al n\u00famero de veces que la bater\u00eda es vuelta a conectar a la red y cargada, el problema es que el ciclo cuenta igual aunque la bater\u00eda este agotada o la hayas cargado estando al 80%, por lo tanto contar\u00eda igual aunque el desgaste no es el mismo.<br \/>\nPuede parecer que lo ideal ser\u00eda descargar completamente el equipo antes de volver a cargarlo, pero descarga al m\u00ednimo de su capacidad adem\u00e1s de reducir el n\u00famero de ciclos que puede soportar, en algunos casos puede llevar a la bater\u00eda a un estado de sobre descarga. Sumando un nuevo problema que no puede ser evaluado, que la bater\u00eda se someta a sobre calentamientos.<br \/>\nPor lo tanto est\u00e1 bien el ciclo de carga como orientaci\u00f3n pero dale la importancia que tiene, lo importante es que haya tenido un buen uso.<\/p>\n<p><strong>Problema en Mac segunda mano anterior al 2009.<\/strong><\/p>\n<p>Otro de los temas que puede dar problemas en los <strong>ordenadores Mac<\/strong> anteriores al 2009, son los programas a\u00f1adidos y no actualizados a fecha actual. Este es un punto problem\u00e1tico ya que nos enfrentamos a un dilema entre la seguridad y programas instalados. En nuestro \u201c<a href=\"https:\/\/www.manzanasusadas.com\/blog\/manzanas-usadas\/vender-comprar-mac-seguridad\/\" target=\"_blank\" rel=\"noopener\">articulo Vender o Comprar Tu Mac ojo a la seguridad<\/a>\u201d Referenciamos las claves para vender de forma segura tu Mac. En uno de los puntos recomend\u00e1bamos volver a valores de f\u00e1brica para no dejar tu rastro digital en el dispositivo, y aunque es una buena medida de seguridad, en los <strong>ordenadores Mac anteriores al 2009<\/strong> podr\u00eda, en algunos casos, borrar programas no actualizados y que no se podr\u00e1n volver a reinstalar salvo la \u00faltima versi\u00f3n.<\/p>\n<p>&nbsp;<\/p>\n<h2>MOTIVOS para Cambiar tu Mac segunda mano o nuevo.<\/h2>\n<p>\u00bfQue me puede <strong>motivar a cambiar mi Mac, MacBook, Mac mini<\/strong>, Etc&#8230;? Ahora mismo hay dos temas candentes a plantearse frente a tu <strong>Mac segunda mano<\/strong>, el cambio de disco mec\u00e1nico a <strong>disco solido SSD<\/strong> y ganar en <strong>memoria RAN<\/strong>.<br \/>\nLo primero debes de ser consciente del uso que le vas a dar y que vas a necesitar del Mac. Teniendo esto claro debes pensar si te merece la pena invertir en:<\/p>\n<h3><strong>Cambio por disco SSD Vs disco mec\u00e1nico en MacBook segunda mano.<\/strong><\/h3>\n<p><img decoding=\"async\" loading=\"lazy\" class=\"alignnone wp-image-2645\" src=\"https:\/\/www.manzanasusadas.com\/blog\/wp-content\/uploads\/2019\/04\/clonar-disco-duro-a-SSD.jpg\" alt=\"cambio HDD por SSD en Mac\" width=\"392\" height=\"176\" srcset=\"https:\/\/www.manzanasusadas.com\/blog\/wp-content\/uploads\/2019\/04\/clonar-disco-duro-a-SSD.jpg 958w, https:\/\/www.manzanasusadas.com\/blog\/wp-content\/uploads\/2019\/04\/clonar-disco-duro-a-SSD-300x134.jpg 300w, https:\/\/www.manzanasusadas.com\/blog\/wp-content\/uploads\/2019\/04\/clonar-disco-duro-a-SSD-768x344.jpg 768w\" sizes=\"(max-width: 392px) 100vw, 392px\" \/><\/p>\n<p>Si tu Mac tienes un disco duro mec\u00e1nico, debes de saber que es uno de los principales cuellos de botella que provoca lentitud en los Mac y m\u00e1s si tienen ya un cierto tiempo. Dependiendo de la antig\u00fcedad de tu Mac podr\u00edas cambiar tu disco mec\u00e1nico por un disco solido SSD, pero puede que por el precio de hacerlo te compense mas cambiar ya el Mac entero, si concluyes que necesitas renovar piensa que tu Mac a\u00fan puede cubrir las necesidades b\u00e1sicas de otra persona, considera venderlo como Mac segunda Mano y as\u00ed amortizar parte del precio del nuevo.<\/p>\n<h3><strong>Cambio por a\u00f1adir memoria RAM a t\u00fa Mac segunda mano<\/strong><\/h3>\n<p><img decoding=\"async\" loading=\"lazy\" class=\"alignleft wp-image-2650\" src=\"https:\/\/www.manzanasusadas.com\/blog\/wp-content\/uploads\/2019\/04\/Sin-t\u00edtulo-4-300x176.jpg\" alt=\"memoria RAN en Mac\" width=\"166\" height=\"97\" srcset=\"https:\/\/www.manzanasusadas.com\/blog\/wp-content\/uploads\/2019\/04\/Sin-t\u00edtulo-4-300x176.jpg 300w, https:\/\/www.manzanasusadas.com\/blog\/wp-content\/uploads\/2019\/04\/Sin-t\u00edtulo-4-768x450.jpg 768w, https:\/\/www.manzanasusadas.com\/blog\/wp-content\/uploads\/2019\/04\/Sin-t\u00edtulo-4.jpg 1024w\" sizes=\"(max-width: 166px) 100vw, 166px\" \/><\/p>\n<p>Si puedes, <strong>a\u00f1ade memoria RAM extra<\/strong>. Esto ya depende de tus necesidades, pero saltar de los 8 a los 16 GB de memoria RAM es lo que puede hacer que el Mac te funcione como el primer d\u00eda dentro de 5-7 a\u00f1os. Es importante hacer esta inversi\u00f3n si planeas que ese Mac te dure.<\/p>\n<p>&nbsp;<\/p>\n<p>&nbsp;<\/p>\n<h2>PRECIO para MacBook segunda mano.<\/h2>\n<p>El precio en los productos segunda mano es muy relativo y dif\u00edcil de poner, ya que algunos vendedores tienden a usar un componente emocional que le lleva a valorar m\u00e1s el producto, ya seas comprador o vendedor sigue algunos pasos y desvinc\u00falate del componente emocional.<br \/>\n&#8211; Pierde algo de tiempo investigando el precio de los Mac de la misma generaci\u00f3n.<br \/>\n&#8211; Averigua cu\u00e1nto cuesta un Mac nuevo con especificaciones similares.<br \/>\n&#8211; Se honesto y piensa si tu Mac est\u00e1 o no en buena forma. Si tiene alguna marca o alg\u00fan peque\u00f1o fallo, descuenta unos euros al precio que tengas en mente.<br \/>\n&#8211; Investiga si hay mucha competencia, es decir, si muchas m\u00e1s personas est\u00e1n vendiendo ese Mac.<\/p>\n<p><img decoding=\"async\" loading=\"lazy\" class=\"alignleft wp-image-2641 size-medium\" src=\"https:\/\/www.manzanasusadas.com\/blog\/wp-content\/uploads\/2019\/04\/manzanas-usadas-1-300x200.jpg\" alt=\"manzanas usadas\" width=\"300\" height=\"200\" srcset=\"https:\/\/www.manzanasusadas.com\/blog\/wp-content\/uploads\/2019\/04\/manzanas-usadas-1-300x200.jpg 300w, https:\/\/www.manzanasusadas.com\/blog\/wp-content\/uploads\/2019\/04\/manzanas-usadas-1-768x512.jpg 768w, https:\/\/www.manzanasusadas.com\/blog\/wp-content\/uploads\/2019\/04\/manzanas-usadas-1-1024x683.jpg 1024w, https:\/\/www.manzanasusadas.com\/blog\/wp-content\/uploads\/2019\/04\/manzanas-usadas-1.jpg 1200w\" sizes=\"(max-width: 300px) 100vw, 300px\" \/><\/p>\n<p>&nbsp;<\/p>\n<p>Esto es muy sencillo en <strong><a href=\"https:\/\/www.manzanasusadas.com\/\" target=\"_blank\" rel=\"noopener\">manzanasusadas.com<\/a><\/strong>, ya que cuentas con una informaci\u00f3n sobre el precio medio de los dispositivos vendidos, pudiendo adem\u00e1s visualizar los \u00faltimos 10 productos vendidos de cada categor\u00eda con su precio, descripci\u00f3n y comentarios que pudo haber entre comprador y vendedor, lo que te dar\u00e1 un amplia informaci\u00f3n tanto cuantitativa como cualitativa del modelo que estas investigando.<\/p>\n<p>&nbsp;<\/p>\n<p>&nbsp;<\/p>\n<h2>MOMENTO Mejor para vender o comprar Mac segunda mano.<\/h2>\n<p>Cuando Apple lanza un nuevo modelo, todo el mercado de <strong>Apple segunda mano<\/strong> se mueve, tanto el modelo anterior al lanzamiento como el resto de modelos antiguos bajan de precio, pero en cambio aumenta el mercado de futuros <strong>compradores Mac<\/strong> en busca de gangas, desde el rumor del nuevo lanzamiento hasta el lanzamiento, los precios bajan y los compradores suben.<\/p>\n<p>&nbsp;<\/p>\n<p>Esperamos que el articulo te haya sido de inter\u00e9s, nuestro blog trata de tenerte puntualmente informad@ de una forma coloquial, huyendo de terminolog\u00eda o conceptos excesivamente t\u00e9cnicos.<\/p>\n<p>Puedes suscribirte a nuestro blog<br \/>\nPuedes visitarnos en <a href=\"https:\/\/www.manzanasusadas.com\/\" target=\"_blank\" rel=\"noopener\">nuestra web<\/a><br \/>\n<strong>Manzanas Usadas<\/strong><\/p>\n","protected":false},"excerpt":{"rendered":"<p>Guia para comprar Mac o vender Mac segunda mano:<br \/>\nIntroducci\u00f3n al mundo Apple segunda mano y usuario.<br \/>\nProblemas en Mac: Ciclos de carga y Mac anterior a 2009.<br \/>\nMotivos de  cambio Mac: Disco solido SSD y memoria RAM.<br \/>\nPoner precio para Mac segunda mano<br \/>\nMomento mejor para comprar o vender Mac segunda mano<\/p>\n","protected":false},"author":5,"featured_media":2692,"comment_status":"open","ping_status":"open","sticky":false,"template":"","format":"standard","meta":[],"categories":[35,1,30,26],"tags":[47,92,312,310,311,308,305,302,301,315,313,317,316,142,307,309,172,157,304,300,303,86,163,314,299,306,252,318],"aioseo_notices":[],"_links":{"self":[{"href":"https:\/\/www.manzanasusadas.com\/blog\/wp-json\/wp\/v2\/posts\/2634"}],"collection":[{"href":"https:\/\/www.manzanasusadas.com\/blog\/wp-json\/wp\/v2\/posts"}],"about":[{"href":"https:\/\/www.manzanasusadas.com\/blog\/wp-json\/wp\/v2\/types\/post"}],"author":[{"embeddable":true,"href":"https:\/\/www.manzanasusadas.com\/blog\/wp-json\/wp\/v2\/users\/5"}],"replies":[{"embeddable":true,"href":"https:\/\/www.manzanasusadas.com\/blog\/wp-json\/wp\/v2\/comments?post=2634"}],"version-history":[{"count":64,"href":"https:\/\/www.manzanasusadas.com\/blog\/wp-json\/wp\/v2\/posts\/2634\/revisions"}],"predecessor-version":[{"id":2710,"href":"https:\/\/www.manzanasusadas.com\/blog\/wp-json\/wp\/v2\/posts\/2634\/revisions\/2710"}],"wp:featuredmedia":[{"embeddable":true,"href":"https:\/\/www.manzanasusadas.com\/blog\/wp-json\/wp\/v2\/media\/2692"}],"wp:attachment":[{"href":"https:\/\/www.manzanasusadas.com\/blog\/wp-json\/wp\/v2\/media?parent=2634"}],"wp:term":[{"taxonomy":"category","embeddable":true,"href":"https:\/\/www.manzanasusadas.com\/blog\/wp-json\/wp\/v2\/categories?post=2634"},{"taxonomy":"post_tag","embeddable":true,"href":"https:\/\/www.manzanasusadas.com\/blog\/wp-json\/wp\/v2\/tags?post=2634"}],"curies":[{"name":"wp","href":"https:\/\/api.w.org\/{rel}","templated":true}]}}